{"id":3567,"date":"2020-09-25T00:32:35","date_gmt":"2020-09-25T00:32:35","guid":{"rendered":"http:\/\/www.elmundodegallasalva.es\/?p=3567"},"modified":"2020-09-25T00:32:37","modified_gmt":"2020-09-25T00:32:37","slug":"la-ira-del-cordero-apocaliptica","status":"publish","type":"post","link":"http:\/\/www.elmundodegallasalva.es\/?p=3567","title":{"rendered":"La Ira del Cordero Apocal\u00edptica"},"content":{"rendered":"\n<div class=\"wp-block-image\"><figure class=\"alignleft\"><a href=\"http:\/\/www.elmundodegallasalva.es\/wp-content\/uploads\/2011\/07\/gall1.jpg\"><img loading=\"lazy\" width=\"211\" height=\"300\" src=\"http:\/\/www.elmundodegallasalva.es\/wp-content\/uploads\/2011\/07\/gall1-211x300.jpg\" alt=\"\" class=\"wp-image-223\" srcset=\"http:\/\/www.elmundodegallasalva.es\/wp-content\/uploads\/2011\/07\/gall1-211x300.jpg 211w, http:\/\/www.elmundodegallasalva.es\/wp-content\/uploads\/2011\/07\/gall1.jpg 400w\" sizes=\"(max-width: 211px) 100vw, 211px\" \/><\/a><figcaption>Pintura de Carmen Sal\u00f3, profec\u00eda del sol negro o eclipse<\/figcaption><\/figure><\/div>\n\n\n\n<p>Todo parece indicar que los antiguos que eran muy expertos en Astrolog\u00eda, sobretodo los \u00edberos, fecharon en la Pascua y en el mes de Aries el Final de los Tiempos o Final de la Macroera de Libra y lo representaban con el Cordero Pascual que porta una cruz inclinada.<\/p>\n\n\n\n<p>El final de la Macroera se identifica con la Cruz y la misma historia de Jes\u00fas, que fue Crucificado y resucit\u00f3 al tercer d\u00eda y cuya historia ya exist\u00eda cientos de a\u00f1os antes, pu\u00e9s ha quedado demostrado que la Pascua o Resurrecci\u00f3n de Cristo ya se celebraba cientos de a\u00f1os antes del nacimiento de Jes\u00fas. Eso es porque es algo c\u00edclico, que pudo pasar hace 13.000 a\u00f1os aproximadamente y que fue cuando se debi\u00f3 de caer el eje terrestre y que sab\u00edan que volver\u00eda a pasar!<\/p>\n\n\n\n<p>Los judios y lo mismo que los cristianos celebran algo que pas\u00f3 hace miles de a\u00f1os y que para los antiguos era muy importante de recordar y que los \u00edberos o cristianos primitivos relacionaron con un Cordero que porta la Cruz Inclinada, que muchos podr\u00edan pensar que marca el equinoccio de Primavera y que en nuestra era de Piscis empieza cuando el Sol entra en el signo de Aries, pero en la eras anteriores no, ya que en cada era el equinoccio se mueve 30\u00ba y cambia de signo astrol\u00f3gico. O sea que lo del Cordero con la Cruz inclinada nos est\u00e1 marcando otra cosa y desde la remota antig\u00ebdad y que tiene que ver con nuestra Macroera de Libra y que como todas las Eras tienen un Mes\u00edas de signo opuesto y que marca el final de la era.<\/p>\n\n\n\n<p>Actualmente conmemoramos el nacimiento de Cristo o consideramos que estamos en el a\u00f1o 2020 despu\u00e9s del nacimiento de Cristo, de signo astr\u00f3logico Virgo y que se confunde&nbsp; con el dios Pan del el 25 de diciembre y Capricorno.<\/p>\n\n\n\n<p>La Apocal\u00edptica o antigua ciencia basada en astrolog\u00eda nos habla de la \u00abIra del Cordero\u00bb.<\/p>\n\n\n\n<p>\u00abVi cuando&nbsp;<em>el Cordero<\/em>&nbsp;abri\u00f3 el sexto sello, y hubo un gran terremoto, y el sol se puso negro&nbsp;como cilicio&nbsp;<em>hecho<\/em>&nbsp;de cerda, y toda la luna se volvi\u00f3 como sangre,&nbsp;y las estrellas del cielo cayeron a la tierra, como la higuera&nbsp;deja caer sus higos verdes al ser sacudida por un fuerte viento.&nbsp;Y el cielo desapareci\u00f3<sup>[<\/sup>&nbsp;como un pergamino<sup>[<\/sup>&nbsp;que se enrolla, y todo monte e isla fueron removidos de su lugar.&nbsp;Y los reyes de la tierra, y los grandes, los comandantes<sup>[<\/sup>, los ricos, los poderosos, y todo siervo y&nbsp;<em>todo<\/em>&nbsp;libre, se escondieron en las cuevas y entre las pe\u00f1as de los montes;&nbsp;&nbsp;y dec\u00edan a los montes y a las pe\u00f1as: Caed sobre nosotros y escondednos de la presencia&nbsp;del que est\u00e1 sentado en el trono&nbsp;y de la ira del Cordero,&nbsp;porque ha llegado el gran d\u00eda de la ira de ellos, \u00bfy qui\u00e9n podr\u00e1 sostenerse?\u00bb<\/p>\n\n\n\n<p>La cuesti\u00f3n es que esta \u00abIra del Cordero\u00bb puede coincidir con el Marte retr\u00f3gado en el signo de \u00c1ries, dado que est\u00e1 muy mal aspectado con Saturno,&nbsp; Plut\u00f3n y J\u00fapiter en Capricornio en este final de 2020 y primeros de 2021&nbsp;<\/p>\n","protected":false},"excerpt":{"rendered":"<p>Todo parece indicar que los antiguos que eran muy expertos en Astrolog\u00eda, sobretodo los \u00edberos, fecharon en la Pascua y&hellip;<\/p>\n","protected":false},"author":1,"featured_media":0,"comment_status":"closed","ping_status":"closed","sticky":false,"template":"","format":"standard","meta":{"_monsterinsights_skip_tracking":false,"_monsterinsights_sitenote_active":false,"_monsterinsights_sitenote_note":"","_monsterinsights_sitenote_category":0},"categories":[1],"tags":[],"_links":{"self":[{"href":"http:\/\/www.elmundodegallasalva.es\/index.php?rest_route=\/wp\/v2\/posts\/3567"}],"collection":[{"href":"http:\/\/www.elmundodegallasalva.es\/index.php?rest_route=\/wp\/v2\/posts"}],"about":[{"href":"http:\/\/www.elmundodegallasalva.es\/index.php?rest_route=\/wp\/v2\/types\/post"}],"author":[{"embeddable":true,"href":"http:\/\/www.elmundodegallasalva.es\/index.php?rest_route=\/wp\/v2\/users\/1"}],"replies":[{"embeddable":true,"href":"http:\/\/www.elmundodegallasalva.es\/index.php?rest_route=%2Fwp%2Fv2%2Fcomments&post=3567"}],"version-history":[{"count":1,"href":"http:\/\/www.elmundodegallasalva.es\/index.php?rest_route=\/wp\/v2\/posts\/3567\/revisions"}],"predecessor-version":[{"id":3801,"href":"http:\/\/www.elmundodegallasalva.es\/index.php?rest_route=\/wp\/v2\/posts\/3567\/revisions\/3801"}],"wp:attachment":[{"href":"http:\/\/www.elmundodegallasalva.es\/index.php?rest_route=%2Fwp%2Fv2%2Fmedia&parent=3567"}],"wp:term":[{"taxonomy":"category","embeddable":true,"href":"http:\/\/www.elmundodegallasalva.es\/index.php?rest_route=%2Fwp%2Fv2%2Fcategories&post=3567"},{"taxonomy":"post_tag","embeddable":true,"href":"http:\/\/www.elmundodegallasalva.es\/index.php?rest_route=%2Fwp%2Fv2%2Ftags&post=3567"}],"curies":[{"name":"wp","href":"https:\/\/api.w.org\/{rel}","templated":true}]}}